{"id":1591,"date":"2026-03-15T10:55:00","date_gmt":"2026-03-15T09:55:00","guid":{"rendered":"https:\/\/laurehumbel.fr\/?p=1591"},"modified":"2026-03-22T16:39:56","modified_gmt":"2026-03-22T15:39:56","slug":"cest-parce-quon-est-malheureux","status":"publish","type":"post","link":"https:\/\/laurehumbel.fr\/index.php\/2026\/03\/15\/cest-parce-quon-est-malheureux\/","title":{"rendered":"C&rsquo;est parce qu&rsquo;on est malheureux"},"content":{"rendered":"\n<p><em>Carnet de choses absurdes, <\/em>85-105<\/p>\n\n\n\n<p class=\"has-tertiary-color has-text-color has-link-color wp-elements-a5397a4c2c699e1165531773066227f3\"><a href=\"https:\/\/laurehumbel.fr\/index.php\/2026\/03\/08\/hommes-de-pouvoir\/\">Absurdit\u00e9s 69-84<\/a><\/p>\n\n\n\n<p class=\"has-tertiary-color has-text-color has-link-color wp-elements-bb1964cdc6f2e4f268945d799f69ac16\">85. Comment se maintient le pouvoir&nbsp;? <\/p>\n\n\n\n<p class=\"has-cyan-bluish-gray-color has-text-color has-link-color wp-elements-6d0ddc13f8b18f4553adf5e0f0848c30\">86. La pluie n\u2019en peut plus<br>Des rivi\u00e8res d\u00e9bordantes<br>sous un ciel noy\u00e9.<\/p>\n\n\n\n<p class=\"has-secondary-color has-text-color has-link-color wp-elements-9c5e75183dba2c4f9454427370bf3d3d\">87. Encore et toujours le Liban.<\/p>\n\n\n\n<p class=\"has-contrast-color has-text-color has-link-color wp-elements-fee9f8988d3dfaaf3aff6e43e67f6c52\">88. Est-il vrai que quatre-vingt dix pour cent des oiseaux ont disparu en quarante ans&nbsp;?<\/p>\n\n\n\n<p>89. Est-il vrai qu\u2019apr\u00e8s la vie, la vie reviendra sur la terre&nbsp;?<\/p>\n\n\n\n<p><strong>90. Et les oiseaux dans les cages&nbsp;?<\/strong><\/p>\n\n\n\n<p><strong>91. \u00ab&nbsp;C\u2019est parce qu\u2019on est malheureux, c\u2019est difficile \u00e0 expliquer, mais c\u2019est \u00e7a, c\u2019est le malheur qui fait faire des b\u00eatises&nbsp;\u00bb (Mich\u00e8le Lesbre, <em>Nina par hasard<\/em>)<\/strong><\/p>\n\n\n\n<p><strong>92. Les femmes aussi sont enferm\u00e9es&nbsp;: dans les codes, les maisons, les voiles.<\/strong><\/p>\n\n\n\n<p><strong>93. \u00ab&nbsp;Parfois l\u2019amour c\u2019est mal. Sans aucun doute. Sinon pourquoi ce d\u00e9go\u00fbt quand mon oncle Jean me presse contre son ventre, me susurre <em>ma ch\u00e9rie, toi<\/em>. Pourquoi cette honte d\u2019\u00eatre ainsi aim\u00e9e, toutjours cette honte, cette faute quand on parle d\u2019amour. Je ne sais pas si l\u2019amour est toujours \u00ab\u00a0bien\u00a0\u00bb&nbsp;\u00bb. (<a href=\"https:\/\/graciabejjani.fr\/\">Gracia Bejjani<\/a>, <em>Sobhiy\u00e9, corps de femmes<\/em>)<\/strong><\/p>\n\n\n\n<p><strong>94. Ces jours-ci ma ville est habill\u00e9e par la haute couture. Toutes les maisons de mode semblent s\u2019\u00eatre donn\u00e9 le mot pour accorder l\u2019angle de leur publicit\u00e9. Partout sont placard\u00e9es des jambes longues et court v\u00eatues.<\/strong><\/p>\n\n\n\n<p><strong>95. La confection de luxe est ass\u00fbr\u00e9ment ce dont nous avons le plus besoin en ce moment.<\/strong><\/p>\n\n\n\n<p><strong>96. Elles se montraient moins depuis quelques ann\u00e9es, elles reviennent \u00e0 l\u2019approche du printemps, les femmes plaqu\u00e9es nues sur les murs de nos villes.<\/strong><\/p>\n\n\n\n<p><strong>97. \u00c7a s\u2019appellerait \u00ab&nbsp;Tomber dans le panneau&nbsp;\u00bb. Tu aurais un grand panneau publicitaire \u2013 peu importe l\u2019image, une fille ou un burger \u2013 quand tu t\u2019approcherais, tu serais aspir\u00e9 par un souffle violent qui te propulserait en travers, l\u00e0 tu cr\u00e8ves l\u2019\u00e9cran, quelque chose de mince tu vois, genre papier japonais, et derri\u00e8re il y aurait un trampoline pour le fun. Alors on entendrait une bande son qui dirait&nbsp;: \u00ab&nbsp;Bravo, vous \u00eates encore tomb\u00e9 dans le panneau&nbsp;!&nbsp;\u00bb<\/strong><\/p>\n\n\n\n<p><strong>98. Elle prendrait la pose. L\u2019autre aurait un appareil photo. Elle prendrait exactement la pose des filles sur les publicit\u00e9s. L\u2019autre les prendrait en photo, elle en chair et celle sur le panneau. Sauf qu\u2019elle serait habill\u00e9e. Juste pour voir.<\/strong><\/p>\n\n\n\n<p><strong>99. Elles re\u00e7oivent l\u2019injonction d\u2019\u00eatre bien dans leur corps. Elles doivent s\u2019aimer. Entendez-les, leur regard sur elles-m\u00eames compte plus que le reste. Elles le r\u00e9p\u00e8tent assez, le regard des autres n\u2019a rien \u00e0 y voir. Il faut qu\u2019elles se conforment \u00e0 ce qui leur correspond. Elles se font refaire les l\u00e8vres, elles se font refaire les seins, un peu plus, un peu moins&nbsp;: au scalpel. La violence sur le corps des femmes trouve de nouvelles formes.<\/strong><\/p>\n\n\n\n<p><strong>100. Il n\u2019est pas question de s\u2019accepter telle quelle.<\/strong><\/p>\n\n\n\n<p>101. Ce qui me correspond, comme elles disent.<\/p>\n\n\n\n<p class=\"has-contrast-color has-text-color has-link-color wp-elements-218ef837d4f6f3cd088d3c2d5bb26e1a\">102. Il para\u00eet que c\u2019est au corps, pas au regard de s\u2019adapter.<\/p>\n\n\n\n<p class=\"has-secondary-color has-text-color has-link-color wp-elements-1dda004aa2eaa293915e0266588c644d\">103. Des femmes prises entre la tradition, entre les factions, des femmes toutes fonctions, oblig\u00e9es, forc\u00e9es, des femmes dont la vie est prison, est torture, est soumission.<\/p>\n\n\n\n<p class=\"has-cyan-bluish-gray-color has-text-color has-link-color wp-elements-fc40be3c7e88f9bf41c27be0fba08919\">104. \u00c0 l\u2019\u00e9cole primaire, apprendre d\u2019abord le masculin \u2013 car personne n\u2019a jamais remarqu\u00e9 que dans la plupart des adjectifs courants, le f\u00e9minin fait entendre le radical.<\/p>\n\n\n\n<p class=\"has-tertiary-color has-text-color has-link-color wp-elements-7981912a32bd80d7d71014a8a1adaaa5\">105. Il y a des bouteilles en plastique dans les caniveaux.<\/p>\n\n\n\n<p class=\"has-tertiary-color has-text-color has-link-color wp-elements-8d59929cc719767bdce7c4b591944c3f\"><a href=\"https:\/\/laurehumbel.fr\/index.php\/2026\/03\/22\/maree-noire\/\">&#8230;choses absurdes, suite&#8230;<\/a><\/p>\n\n\n\n<div class=\"wp-block-group is-nowrap is-layout-flex wp-container-core-group-is-layout-6c531013 wp-block-group-is-layout-flex\">\n\n<\/div>\n","protected":false},"excerpt":{"rendered":"<p>Et les oiseaux dans les cages ? Les femmes aussi&#8230;<\/p>\n","protected":false},"author":1,"featured_media":0,"comment_status":"open","ping_status":"open","sticky":false,"template":"","format":"standard","meta":{"advanced_seo_description":"","jetpack_seo_html_title":"","jetpack_seo_noindex":false,"jetpack_post_was_ever_published":false,"_jetpack_newsletter_access":"","_jetpack_dont_email_post_to_subs":false,"_jetpack_newsletter_tier_id":0,"_jetpack_memberships_contains_paywalled_content":false,"_jetpack_memberships_contains_paid_content":false,"footnotes":""},"categories":[173],"tags":[143,200,201,202],"class_list":["post-1591","post","type-post","status-publish","format-standard","hentry","category-absurde","tag-corps","tag-femmes","tag-oiseaux","tag-publicite"],"jetpack_featured_media_url":"","jetpack_sharing_enabled":true,"_links":{"self":[{"href":"https:\/\/laurehumbel.fr\/index.php\/wp-json\/wp\/v2\/posts\/1591","targetHints":{"allow":["GET"]}}],"collection":[{"href":"https:\/\/laurehumbel.fr\/index.php\/wp-json\/wp\/v2\/posts"}],"about":[{"href":"https:\/\/laurehumbel.fr\/index.php\/wp-json\/wp\/v2\/types\/post"}],"author":[{"embeddable":true,"href":"https:\/\/laurehumbel.fr\/index.php\/wp-json\/wp\/v2\/users\/1"}],"replies":[{"embeddable":true,"href":"https:\/\/laurehumbel.fr\/index.php\/wp-json\/wp\/v2\/comments?post=1591"}],"version-history":[{"count":8,"href":"https:\/\/laurehumbel.fr\/index.php\/wp-json\/wp\/v2\/posts\/1591\/revisions"}],"predecessor-version":[{"id":1628,"href":"https:\/\/laurehumbel.fr\/index.php\/wp-json\/wp\/v2\/posts\/1591\/revisions\/1628"}],"wp:attachment":[{"href":"https:\/\/laurehumbel.fr\/index.php\/wp-json\/wp\/v2\/media?parent=1591"}],"wp:term":[{"taxonomy":"category","embeddable":true,"href":"https:\/\/laurehumbel.fr\/index.php\/wp-json\/wp\/v2\/categories?post=1591"},{"taxonomy":"post_tag","embeddable":true,"href":"https:\/\/laurehumbel.fr\/index.php\/wp-json\/wp\/v2\/tags?post=1591"}],"curies":[{"name":"wp","href":"https:\/\/api.w.org\/{rel}","templated":true}]}}