{"id":244,"date":"2024-04-29T22:30:02","date_gmt":"2024-04-29T20:30:02","guid":{"rendered":"https:\/\/laurehumbel.fr\/?p=244"},"modified":"2024-04-29T22:44:10","modified_gmt":"2024-04-29T20:44:10","slug":"je-vis-dans-cette-ville-de-patrick-aveline","status":"publish","type":"post","link":"https:\/\/laurehumbel.fr\/index.php\/2024\/04\/29\/je-vis-dans-cette-ville-de-patrick-aveline\/","title":{"rendered":"Je vis dans cette ville, de Patrick Aveline"},"content":{"rendered":"\n<p>Je vis dans cette ville. Pr\u00e9cis\u00e9ment au c\u0153ur de ce quartier o\u00f9 s\u2019attardent les soirs. O\u00f9 paresse sur la mer ce qu\u2019il reste des cerceaux d\u2019argent. O\u00f9 se remorquent les l\u00e8vres de plaisance entre les quais du port. Et peut-\u00eatre quelques regards, dans le regard \u00e9clair\u00e9 de Planier. Cette ville, pr\u00e9cis\u00e9ment ce quartier, vaste et difficile, microcosme du sursis. Ses escaliers d\u00e9glingu\u00e9s s\u2019y croisent. Des femmes questionnent, jeunes ou vieilles. Quelle chanson choisir pour accompagner leur dernier instant ? Ses avenues sont ruelles, comme un avant-go\u00fbt de la fantaisie qui se distancerait d\u2019azur.<\/p>\n\n\n\n<p>Je me souviens de la rouille des grandes grues se souvenant de l\u2019eau et de ses teintes orang\u00e9es. De la peau d\u2019une fille, brillante de la mer qui s\u2019y \u00e9parpille. D\u2019une balade parmi les ruines palpitantes, entre les ordures. Des abus d\u2019ivresse et les pens\u00e9es qui y naissent. Des \u00e9pris du large, amoureux des quais, de la terre qui afflue. Des romantiques de la g\u00e2chette qui vendraient p\u00e8re et m\u00e8re. De la m\u00e9lancolie des horizons, des boulevards qui m\u00ealent les peaux comme ils peuvent. Je me souviens et je br\u00fble. De tous les tendres buissons du champ des toits et des collines d\u2019antennes, des sous-bois de la grande ville, des romarins qui descendent jusqu\u2019aux rues \u00e0 Noailles. Des pagodes vibrant \u00e0 St-Marcel. Des chants du V\u00e9lodrome d\u2019o\u00f9 d\u00e9ferlent les noms de fleurs.<\/p>\n\n\n\n<p>Je me souviens. Puis plus. Il ne me reste qu\u2019hier et demain au coude-\u00e0-coude.<\/p>\n\n\n\n<p><\/p>\n\n\n\n<figure class=\"wp-block-image size-large is-resized\"><img loading=\"lazy\" decoding=\"async\" width=\"802\" height=\"1024\" src=\"https:\/\/laurehumbel.fr\/wp-content\/uploads\/2024\/04\/Aveline_marseille-avril24-1-802x1024.jpeg\" alt=\"\" class=\"wp-image-251\" style=\"width:452px;height:auto\" srcset=\"https:\/\/laurehumbel.fr\/wp-content\/uploads\/2024\/04\/Aveline_marseille-avril24-1-802x1024.jpeg 802w, https:\/\/laurehumbel.fr\/wp-content\/uploads\/2024\/04\/Aveline_marseille-avril24-1-235x300.jpeg 235w, https:\/\/laurehumbel.fr\/wp-content\/uploads\/2024\/04\/Aveline_marseille-avril24-1-768x980.jpeg 768w, https:\/\/laurehumbel.fr\/wp-content\/uploads\/2024\/04\/Aveline_marseille-avril24-1.jpeg 846w\" sizes=\"auto, (max-width: 802px) 100vw, 802px\" \/><\/figure>\n\n\n\n<p><br><kbd><strong>Patrick Aveline, po\u00e8te et marcheur<\/strong><br><br><a href=\"https:\/\/www.facebook.com\/marseillepoemarket\">h<kbd>ttps:\/\/www.facebook.com\/marseillepoemarket<\/kbd><\/a><br><a href=\"http:\/\/www.leshommessansepaules.com\/auteur-Patrick_AVELINE-36-1-1-0-1.html\">http:\/\/www.leshommessansepaules.com\/auteur-Patrick_AVELINE-36-1-1-0-1.html<\/a><\/kbd><\/p>\n\n\n\n<div class=\"wp-block-group is-nowrap is-layout-flex wp-container-core-group-is-layout-6c531013 wp-block-group-is-layout-flex\">\n\n<\/div>\n","protected":false},"excerpt":{"rendered":"<p>Je vis dans cette ville. Pr\u00e9cis\u00e9ment au c\u0153ur de ce quartier o\u00f9 s\u2019attardent les soirs. O\u00f9 paresse sur la mer ce qu\u2019il reste des cerceaux d\u2019argent. O\u00f9 se remorquent les l\u00e8vres de plaisance entre les quais du port. Et peut-\u00eatre quelques regards, dans le regard \u00e9clair\u00e9 de Planier. Cette ville, pr\u00e9cis\u00e9ment ce quartier, vaste et&#8230;<\/p>\n","protected":false},"author":1,"featured_media":246,"comment_status":"open","ping_status":"open","sticky":false,"template":"","format":"standard","meta":{"advanced_seo_description":"","jetpack_seo_html_title":"","jetpack_seo_noindex":false,"jetpack_post_was_ever_published":false,"_jetpack_newsletter_access":"","_jetpack_dont_email_post_to_subs":false,"_jetpack_newsletter_tier_id":0,"_jetpack_memberships_contains_paywalled_content":false,"_jetpack_memberships_contains_paid_content":false,"footnotes":""},"categories":[29,23],"tags":[28,30],"class_list":["post-244","post","type-post","status-publish","format-standard","has-post-thumbnail","hentry","category-auteurs-invites","category-marseille","tag-marseille","tag-patrick-aveline"],"jetpack_featured_media_url":"https:\/\/laurehumbel.fr\/wp-content\/uploads\/2024\/04\/Aveline_marseille-avril24-e1714423163477.jpeg","jetpack_sharing_enabled":true,"_links":{"self":[{"href":"https:\/\/laurehumbel.fr\/index.php\/wp-json\/wp\/v2\/posts\/244","targetHints":{"allow":["GET"]}}],"collection":[{"href":"https:\/\/laurehumbel.fr\/index.php\/wp-json\/wp\/v2\/posts"}],"about":[{"href":"https:\/\/laurehumbel.fr\/index.php\/wp-json\/wp\/v2\/types\/post"}],"author":[{"embeddable":true,"href":"https:\/\/laurehumbel.fr\/index.php\/wp-json\/wp\/v2\/users\/1"}],"replies":[{"embeddable":true,"href":"https:\/\/laurehumbel.fr\/index.php\/wp-json\/wp\/v2\/comments?post=244"}],"version-history":[{"count":6,"href":"https:\/\/laurehumbel.fr\/index.php\/wp-json\/wp\/v2\/posts\/244\/revisions"}],"predecessor-version":[{"id":253,"href":"https:\/\/laurehumbel.fr\/index.php\/wp-json\/wp\/v2\/posts\/244\/revisions\/253"}],"wp:featuredmedia":[{"embeddable":true,"href":"https:\/\/laurehumbel.fr\/index.php\/wp-json\/wp\/v2\/media\/246"}],"wp:attachment":[{"href":"https:\/\/laurehumbel.fr\/index.php\/wp-json\/wp\/v2\/media?parent=244"}],"wp:term":[{"taxonomy":"category","embeddable":true,"href":"https:\/\/laurehumbel.fr\/index.php\/wp-json\/wp\/v2\/categories?post=244"},{"taxonomy":"post_tag","embeddable":true,"href":"https:\/\/laurehumbel.fr\/index.php\/wp-json\/wp\/v2\/tags?post=244"}],"curies":[{"name":"wp","href":"https:\/\/api.w.org\/{rel}","templated":true}]}}