{"id":410,"date":"2024-06-09T09:37:00","date_gmt":"2024-06-09T07:37:00","guid":{"rendered":"https:\/\/laurehumbel.fr\/?p=410"},"modified":"2024-06-10T13:22:31","modified_gmt":"2024-06-10T11:22:31","slug":"amazonie","status":"publish","type":"post","link":"https:\/\/laurehumbel.fr\/index.php\/2024\/06\/09\/amazonie\/","title":{"rendered":"Amazonie"},"content":{"rendered":"\n<h5 class=\"wp-block-heading\">Au coin de Gasquy (2)<br>Chronique d&rsquo;un coin de ville, d\u00e9cembre 2023 &#8211; juin 2024<\/h5>\n\n\n\n<h6 class=\"wp-block-heading\"><em>12 d\u00e9cembre 2023<\/em><\/h6>\n\n\n\n<p>Lundi les scies de loin s\u2019annon\u00e7aient. Les branches coup\u00e9es \u00e9taient tron\u00e7onn\u00e9es, d\u00e9bit\u00e9es \u00e0 grand bruit, tombaient dans une benne.<\/p>\n\n\n\n<p>J\u2019ai pass\u00e9 mon chemin.<\/p>\n\n\n\n<p>Dans la journ\u00e9e par la fen\u00eatre, l\u2019averse m\u2019a fait lever les yeux. Coupe-t-on des arbres sous la pluie ? La for\u00eat tropicale, en Amazonie.<\/p>\n\n\n\n<p>Dans la semaine, les arbres de la haie ont subi le m\u00eame sort, freluquets, plant\u00e9s le long du mur fond ; et puis le grand ch\u00eane vert.<\/p>\n\n\n\n<p>Vendredi, il pleut aussi. Mouill\u00e9e, l\u2019\u00e9corce du ch\u00eane est encore plus noire.<\/p>\n\n\n\n<p>J\u2019ai des visions diverses de l\u2019Amazonie, un imaginaire qui varie avec la lumi\u00e8re du temps, les lianes de la jungle et une saign\u00e9e rouge, un camion, des araign\u00e9es velues d\u00e9voreuses de r\u00eave, des grenouilles bleues et des dents en or, des st\u00e8res sur la terre rouge.<\/p>\n\n\n\n<p>Observant un lopin de ville sur un caillou calcaire, et puis la pluie battant un petit citronnier, diagonales des gouttes entre la fen\u00eatre, les tuiles d\u2019en face et la chemin\u00e9e, je pense \u00e0 l\u2019immensit\u00e9 d\u2019une question qui me traverse et me d\u00e9passe, que je respire avec mon temps.<\/p>\n\n\n\n<p>Une nuit, un de mes personnages traversera l\u2019Amazone \u00e0 la nage.<\/p>\n\n\n\n<p><\/p>\n\n\n\n<div class=\"wp-block-group is-nowrap is-layout-flex wp-container-core-group-is-layout-6c531013 wp-block-group-is-layout-flex\">\n\n<\/div>\n","protected":false},"excerpt":{"rendered":"<p>Au coin de Gasquy (2)Chronique d&rsquo;un coin de ville, d\u00e9cembre 2023 &#8211; juin 2024 12 d\u00e9cembre 2023 Lundi les scies de loin s\u2019annon\u00e7aient. Les branches coup\u00e9es \u00e9taient tron\u00e7onn\u00e9es, d\u00e9bit\u00e9es \u00e0 grand bruit, tombaient dans une benne. J\u2019ai pass\u00e9 mon chemin. Dans la journ\u00e9e par la fen\u00eatre, l\u2019averse m\u2019a fait lever les yeux. Coupe-t-on des arbres&#8230;<\/p>\n","protected":false},"author":1,"featured_media":412,"comment_status":"open","ping_status":"open","sticky":false,"template":"","format":"standard","meta":{"advanced_seo_description":"","jetpack_seo_html_title":"","jetpack_seo_noindex":false,"jetpack_post_was_ever_published":false,"_jetpack_newsletter_access":"","_jetpack_dont_email_post_to_subs":false,"_jetpack_newsletter_tier_id":0,"_jetpack_memberships_contains_paywalled_content":false,"_jetpack_memberships_contains_paid_content":false,"footnotes":""},"categories":[23],"tags":[48,47,46,45,28],"class_list":["post-410","post","type-post","status-publish","format-standard","has-post-thumbnail","hentry","category-marseille","tag-amazonie","tag-arbres","tag-coin-de-ville","tag-gasquy","tag-marseille"],"jetpack_featured_media_url":"https:\/\/laurehumbel.fr\/wp-content\/uploads\/2024\/06\/Gasquy2_20231208_130112-scaled.jpeg","jetpack_sharing_enabled":true,"_links":{"self":[{"href":"https:\/\/laurehumbel.fr\/index.php\/wp-json\/wp\/v2\/posts\/410","targetHints":{"allow":["GET"]}}],"collection":[{"href":"https:\/\/laurehumbel.fr\/index.php\/wp-json\/wp\/v2\/posts"}],"about":[{"href":"https:\/\/laurehumbel.fr\/index.php\/wp-json\/wp\/v2\/types\/post"}],"author":[{"embeddable":true,"href":"https:\/\/laurehumbel.fr\/index.php\/wp-json\/wp\/v2\/users\/1"}],"replies":[{"embeddable":true,"href":"https:\/\/laurehumbel.fr\/index.php\/wp-json\/wp\/v2\/comments?post=410"}],"version-history":[{"count":4,"href":"https:\/\/laurehumbel.fr\/index.php\/wp-json\/wp\/v2\/posts\/410\/revisions"}],"predecessor-version":[{"id":427,"href":"https:\/\/laurehumbel.fr\/index.php\/wp-json\/wp\/v2\/posts\/410\/revisions\/427"}],"wp:featuredmedia":[{"embeddable":true,"href":"https:\/\/laurehumbel.fr\/index.php\/wp-json\/wp\/v2\/media\/412"}],"wp:attachment":[{"href":"https:\/\/laurehumbel.fr\/index.php\/wp-json\/wp\/v2\/media?parent=410"}],"wp:term":[{"taxonomy":"category","embeddable":true,"href":"https:\/\/laurehumbel.fr\/index.php\/wp-json\/wp\/v2\/categories?post=410"},{"taxonomy":"post_tag","embeddable":true,"href":"https:\/\/laurehumbel.fr\/index.php\/wp-json\/wp\/v2\/tags?post=410"}],"curies":[{"name":"wp","href":"https:\/\/api.w.org\/{rel}","templated":true}]}}