{"id":798,"date":"2024-11-22T08:51:00","date_gmt":"2024-11-22T07:51:00","guid":{"rendered":"https:\/\/laurehumbel.fr\/?p=798"},"modified":"2024-11-25T22:33:18","modified_gmt":"2024-11-25T21:33:18","slug":"origine-dorigine","status":"publish","type":"post","link":"https:\/\/laurehumbel.fr\/index.php\/2024\/11\/22\/origine-dorigine\/","title":{"rendered":"Origine d\u2019origine"},"content":{"rendered":"\n<p class=\"has-text-align-center has-large-font-size\"><a href=\"https:\/\/laurehumbel.fr\/index.php\/origine\/\"><strong>Origine<\/strong><\/a><strong><br><\/strong>un diptyque d&rsquo;albums jeunesse aux \u00e9ditions tout\u00e0lheure.<\/p>\n\n\n\n<figure class=\"wp-block-image aligncenter size-large is-resized\"><img loading=\"lazy\" decoding=\"async\" width=\"1024\" height=\"768\" src=\"https:\/\/laurehumbel.fr\/wp-content\/uploads\/2024\/11\/lancement-bigbang-site-1024x768.jpeg\" alt=\"\" class=\"wp-image-757\" style=\"width:345px;height:auto\" srcset=\"https:\/\/laurehumbel.fr\/wp-content\/uploads\/2024\/11\/lancement-bigbang-site-1024x768.jpeg 1024w, https:\/\/laurehumbel.fr\/wp-content\/uploads\/2024\/11\/lancement-bigbang-site-300x225.jpeg 300w, https:\/\/laurehumbel.fr\/wp-content\/uploads\/2024\/11\/lancement-bigbang-site-768x576.jpeg 768w, https:\/\/laurehumbel.fr\/wp-content\/uploads\/2024\/11\/lancement-bigbang-site.jpeg 1149w\" sizes=\"auto, (max-width: 1024px) 100vw, 1024px\" \/><\/figure>\n\n\n\n<p>Une enfant demande \u00e0 sa m\u00e8re&nbsp;: \u00ab&nbsp;C\u2019est quoi \u00e7a&nbsp;? Au milieu du ventre.&nbsp;\u00bb La maman cherche un livre qui l\u2019aiderait \u00e0 expliquer, me demande si j\u2019en connais. Les titres sont nombreux sur l\u2019arriv\u00e9e d\u2019un petit fr\u00e8re&nbsp;; sur la naissance, j\u2019en trouve un qui explique vraiment bien&nbsp;; sur le nombril il n\u2019y en a pas. La maman me dit&nbsp;: \u00ab&nbsp;Pourquoi ne l\u2019\u00e9crirais-tu pas&nbsp;?&nbsp;\u00bb<\/p>\n\n\n\n<p>Le temps passe.<\/p>\n\n\n\n<p>Un jour, cherchant en biblioth\u00e8que, dans la section jeunesse, des livres sur l\u2019origine du monde, je trouve toutes les mythologies de la terre. Les enfants ne peuvent que sortir confus de cet entassement. Je pense qu\u2019au lieu de les gorger de toute cette quantit\u00e9, qui m\u2019est pour beaucoup \u00e9trang\u00e8re, il vaut mieux transmettre le r\u00e9cit qui me parle. Ils auront la vie pour \u00e9largir leur vue sous d\u2019autres horizons. Je me demande quelles sont mes mythologies, celles que je veux raconter&nbsp;: le premier r\u00e9cit de la Gen\u00e8se, un des plus beaux textes po\u00e9tiques qui existe&nbsp;; Ouranos et Ga\u00efa, m\u00eame si l\u2019origine questionne moins les Grecs aux multiples dieux que les monoth\u00e9istes dont je suis l\u2019h\u00e9riti\u00e8re.<\/p>\n\n\n\n<p>Mais ces histoires qui m\u2019ont nourries, qui m\u2019\u00e9merveillent toujours, avec les images qui les disent sur les vases ath\u00e9niens et les mosa\u00efques m\u00e9di\u00e9vales, ces histoires qui me sont n\u00e9cessaires, je n\u2019en crois pas un mot.<\/p>\n\n\n\n<p>Ma repr\u00e9sentation de l\u2019origine est ce que dit la science, ce que j\u2019en peux saisir, le Big Bang, la th\u00e9orie des cordes. Je cherche \u00e0 nouveau&nbsp;: rien pour les tout-petits, ceux de l\u2019\u00e2ge qui pose les questions&nbsp;; peu de chose pour les plus grands avant la formation du syst\u00e8me solaire.<\/p>\n\n\n\n<p>La science ne manque pas de po\u00e9sie, mais il lui faut des r\u00e9cits.<\/p>\n\n\n\n<p>Le temps passe encore.<\/p>\n\n\n\n<p>Je rencontre Luce Fusciardi, et elle me dit&nbsp;: \u00ab&nbsp;Parler du nombril&nbsp;? J\u2019en ai moi-m\u00eame l\u2019envie&nbsp;! Et le big bang \u00e7a me pla\u00eet aussi.&nbsp;\u00bb<\/p>\n\n\n\n<p>C\u2019est parti.<\/p>\n\n\n\n<div class=\"wp-block-group is-nowrap is-layout-flex wp-container-core-group-is-layout-6c531013 wp-block-group-is-layout-flex\">\n\n<\/div>\n\n\n<div class=\"wp-block-jetpack-subscriptions__supports-newline wp-block-jetpack-subscriptions\">\n\t\t<div>\n\t\t\t<div>\n\t\t\t\t<div>\n\t\t\t\t\t<p >\n\t\t\t\t\t\t<a href=\"https:\/\/laurehumbel.fr\/?post_type=post&#038;p=798\" style=\"font-size: 16px;padding: 15px 23px 15px 23px;margin: 0; margin-left: 10px;border-radius: 0px;border-width: 1px; background-color: #113AF5; color: #FFFFFF; text-decoration: none; white-space: nowrap; margin-left: 0\">Abonnez-vous<\/a>\n\t\t\t\t\t<\/p>\n\t\t\t\t<\/div>\n\t\t\t<\/div>\n\t\t<\/div>\n\t<\/div>\n\n\n<p><\/p>\n","protected":false},"excerpt":{"rendered":"<p>Une enfant demande \u00e0 sa m\u00e8re\u00a0: \u00ab\u00a0C\u2019est quoi \u00e7a\u00a0? Au milieu du ventre.\u00a0\u00bb La maman cherche un livre qui l\u2019aiderait \u00e0 expliquer, me demande si j\u2019en connais, me dit\u00a0: \u00ab\u00a0Pourquoi ne l\u2019\u00e9crirais-tu pas\u00a0?\u00a0\u00bb<\/p>\n","protected":false},"author":1,"featured_media":825,"comment_status":"open","ping_status":"open","sticky":false,"template":"","format":"standard","meta":{"advanced_seo_description":"","jetpack_seo_html_title":"","jetpack_seo_noindex":false,"jetpack_post_was_ever_published":false,"_jetpack_newsletter_access":"","_jetpack_dont_email_post_to_subs":false,"_jetpack_newsletter_tier_id":0,"_jetpack_memberships_contains_paywalled_content":false,"_jetpack_memberships_contains_paid_content":false,"footnotes":""},"categories":[1],"tags":[63,86,60,85,62],"class_list":["post-798","post","type-post","status-publish","format-standard","has-post-thumbnail","hentry","category-non-classe","tag-album-jeunesse","tag-big-bang","tag-bigbang","tag-nombril","tag-origine"],"jetpack_featured_media_url":"https:\/\/laurehumbel.fr\/wp-content\/uploads\/2024\/11\/IMG_8893-scaled.jpeg","jetpack_sharing_enabled":true,"_links":{"self":[{"href":"https:\/\/laurehumbel.fr\/index.php\/wp-json\/wp\/v2\/posts\/798","targetHints":{"allow":["GET"]}}],"collection":[{"href":"https:\/\/laurehumbel.fr\/index.php\/wp-json\/wp\/v2\/posts"}],"about":[{"href":"https:\/\/laurehumbel.fr\/index.php\/wp-json\/wp\/v2\/types\/post"}],"author":[{"embeddable":true,"href":"https:\/\/laurehumbel.fr\/index.php\/wp-json\/wp\/v2\/users\/1"}],"replies":[{"embeddable":true,"href":"https:\/\/laurehumbel.fr\/index.php\/wp-json\/wp\/v2\/comments?post=798"}],"version-history":[{"count":6,"href":"https:\/\/laurehumbel.fr\/index.php\/wp-json\/wp\/v2\/posts\/798\/revisions"}],"predecessor-version":[{"id":829,"href":"https:\/\/laurehumbel.fr\/index.php\/wp-json\/wp\/v2\/posts\/798\/revisions\/829"}],"wp:featuredmedia":[{"embeddable":true,"href":"https:\/\/laurehumbel.fr\/index.php\/wp-json\/wp\/v2\/media\/825"}],"wp:attachment":[{"href":"https:\/\/laurehumbel.fr\/index.php\/wp-json\/wp\/v2\/media?parent=798"}],"wp:term":[{"taxonomy":"category","embeddable":true,"href":"https:\/\/laurehumbel.fr\/index.php\/wp-json\/wp\/v2\/categories?post=798"},{"taxonomy":"post_tag","embeddable":true,"href":"https:\/\/laurehumbel.fr\/index.php\/wp-json\/wp\/v2\/tags?post=798"}],"curies":[{"name":"wp","href":"https:\/\/api.w.org\/{rel}","templated":true}]}}